{"id":1662,"date":"2014-05-14T21:20:17","date_gmt":"2014-05-14T19:20:17","guid":{"rendered":"http:\/\/edicionesfortuna.com\/?p=1662"},"modified":"2025-09-30T13:53:23","modified_gmt":"2025-09-30T11:53:23","slug":"la-cancion-de-las-nubes","status":"publish","type":"post","link":"https:\/\/edicionesfortuna.com\/?p=1662","title":{"rendered":"La canci\u00f3n de las nubes"},"content":{"rendered":"<p style=\"text-align: justify;\">Hab\u00eda una vez un pueblo que las nubes dejaron de visitar. Las cosechas se perdieron y todos sus habitantes se pusieron muy tristes. Bueno, todos menos uno: el peque\u00f1o y cantar\u00edn Trii.<\/p>\n<p style=\"text-align: justify;\">Animado por su abuelita, nuestro amigo decide viajar al Bosque M\u00e1gico acompa\u00f1ado del le\u00f3n Moo para aprender la Canci\u00f3n de las Nubes, una canci\u00f3n m\u00e1gica para atraer la lluvia.<\/p>\n<p style=\"text-align: justify;\">En su viaje, Trii conocer\u00e1 a muchos amigos que le ayudar\u00e1n, y as\u00ed aprender\u00e1 lo importante que es el trabajo en equipo.<\/p>\n<p style=\"text-align: justify;\">\u00bfQuieres acompa\u00f1ar a Trii en su aventura?<\/p>\n<p>ISBN: 978-84-941634-4-9<\/p>\n<p>EDAD: +3 A\u00d1OS<br \/>\n<!--more--><br \/>\n<img loading=\"lazy\" decoding=\"async\" src=\"https:\/\/edicionesfortuna.com\/wp-content\/uploads\/2014\/06\/9788494163449_04_h.jpg\" alt=\"9788494163449_04_h\" width=\"600\" height=\"600\" \/><br \/>\n<!--more--><br \/>\n<div class='et-learn-more clearfix'>\n\t\t\t\t\t<h3 class='heading-more'>Sobre la dibujante y escritora Mia Charro...<span class='et_learnmore_arrow'><span><\/span><\/span><\/h3>\n\t\t\t\t\t<div class='learn-more-content'><a href=\"http:\/\/dancingcolours.blogspot.com.es\/\" target=\"_blank\"><img loading=\"lazy\" decoding=\"async\" src=\"https:\/\/edicionesfortuna.com\/wp-content\/uploads\/2014\/06\/avatar_miacharro_300x300.jpg\" alt=\"\u00a1Hola! Soy Mia\" width=\"300\" height=\"300\" \/><\/a><\/p>\n<p style=\"text-align: justify;\">\u00a1Hola a todos! Mi nombre es Mia Charro y nac\u00ed en un bonito pueblo llamado Amorebieta, en la provincia de Bizkaia. Mis padres, mis seis hermanos y yo viv\u00edamos en una peque\u00f1a casita rodeada de un paraje m\u00e1gico: una iglesia, campas por las que correr, huertas que explorar, \u00e1rboles a los que subir, girasoles y unas ruinas del bombardeo de Gernika a las que llam\u00e1bamos \u201cEl Castillo\u201d.<\/p>\n<p style=\"text-align: justify;\">Estoy segura de que haber vivido al lado de un \u00abcastillo\u201d influy\u00f3 en mi imaginaci\u00f3n y en mis ganas de inventar historias y cuentos. Gan\u00e9 varios concursos de cuentos en la escuela, y eso me anim\u00f3 a\u00fan m\u00e1s.<\/p>\n<p style=\"text-align: justify;\">M\u00e1s tarde, despu\u00e9s de la universidad, decid\u00ed dedicarme al dise\u00f1o gr\u00e1fico y web, y fue en ese momento cuando descubr\u00ed el mundo de la ilustraci\u00f3n. Enseguida me sent\u00ed atra\u00edda por el aire optimista de los cuentos infantiles ilustrados y supe que eso era lo que quer\u00eda hacer.<\/p>\n<p style=\"text-align: justify;\">Combinar la ilustraci\u00f3n con mis historias me fascin\u00f3, porque me di cuenta de que pod\u00eda crear mundos enteros con mis palabras y mis pinceles.<\/p><\/div>\n\t\t\t\t<\/div><\/p>\n","protected":false},"excerpt":{"rendered":"<p>Hab\u00eda una vez un pueblo que las nubes dejaron de visitar. Las cosechas se perdieron y todos sus habitantes se pusieron muy tristes. Bueno, todos menos uno: el peque\u00f1o y cantar\u00edn Trii. Animado por su abuelita, nuestro amigo decide viajar al Bosque M\u00e1gico acompa\u00f1ado del le\u00f3n Moo para aprender la Canci\u00f3n de las Nubes, una [&hellip;]<\/p>\n","protected":false},"author":1,"featured_media":0,"comment_status":"closed","ping_status":"closed","sticky":false,"template":"","format":"standard","meta":{"_jetpack_newsletter_access":"","_jetpack_dont_email_post_to_subs":true,"_jetpack_newsletter_tier_id":0,"_jetpack_memberships_contains_paywalled_content":false,"_jetpack_memberships_contains_paid_content":false,"footnotes":""},"categories":[9,12],"tags":[],"class_list":["post-1662","post","type-post","status-publish","format-standard","hentry","category-album","category-catalogo"],"jetpack_featured_media_url":"","jetpack_sharing_enabled":true,"jetpack_shortlink":"https:\/\/wp.me\/p3GzXh-qO","_links":{"self":[{"href":"https:\/\/edicionesfortuna.com\/index.php?rest_route=\/wp\/v2\/posts\/1662","targetHints":{"allow":["GET"]}}],"collection":[{"href":"https:\/\/edicionesfortuna.com\/index.php?rest_route=\/wp\/v2\/posts"}],"about":[{"href":"https:\/\/edicionesfortuna.com\/index.php?rest_route=\/wp\/v2\/types\/post"}],"author":[{"embeddable":true,"href":"https:\/\/edicionesfortuna.com\/index.php?rest_route=\/wp\/v2\/users\/1"}],"replies":[{"embeddable":true,"href":"https:\/\/edicionesfortuna.com\/index.php?rest_route=%2Fwp%2Fv2%2Fcomments&post=1662"}],"version-history":[{"count":13,"href":"https:\/\/edicionesfortuna.com\/index.php?rest_route=\/wp\/v2\/posts\/1662\/revisions"}],"predecessor-version":[{"id":3906,"href":"https:\/\/edicionesfortuna.com\/index.php?rest_route=\/wp\/v2\/posts\/1662\/revisions\/3906"}],"wp:attachment":[{"href":"https:\/\/edicionesfortuna.com\/index.php?rest_route=%2Fwp%2Fv2%2Fmedia&parent=1662"}],"wp:term":[{"taxonomy":"category","embeddable":true,"href":"https:\/\/edicionesfortuna.com\/index.php?rest_route=%2Fwp%2Fv2%2Fcategories&post=1662"},{"taxonomy":"post_tag","embeddable":true,"href":"https:\/\/edicionesfortuna.com\/index.php?rest_route=%2Fwp%2Fv2%2Ftags&post=1662"}],"curies":[{"name":"wp","href":"https:\/\/api.w.org\/{rel}","templated":true}]}}